{"id":477,"date":"2026-04-24T07:30:00","date_gmt":"2026-04-24T07:30:00","guid":{"rendered":"https:\/\/porto.pi.leg.br\/?p=477"},"modified":"2026-04-28T11:54:18","modified_gmt":"2026-04-28T11:54:18","slug":"camara-municipal-de-porto-realiza-audiencia-publica-sobre-destinacao-de-residuos-solidos","status":"publish","type":"post","link":"https:\/\/porto.pi.leg.br\/index.php\/2026\/04\/24\/camara-municipal-de-porto-realiza-audiencia-publica-sobre-destinacao-de-residuos-solidos\/","title":{"rendered":"C\u00e2mara Municipal de Porto realiza audi\u00eancia p\u00fablica sobre destina\u00e7\u00e3o de res\u00edduos s\u00f3lidos"},"content":{"rendered":"\n<p>A C\u00e2mara Municipal de Porto foi palco, nesta data, de uma importante audi\u00eancia p\u00fablica voltada \u00e0 discuss\u00e3o sobre a destina\u00e7\u00e3o segura e respons\u00e1vel dos res\u00edduos s\u00f3lidos, tema de grande relev\u00e2ncia para a sa\u00fade p\u00fablica e a qualidade de vida da popula\u00e7\u00e3o.<\/p>\n\n\n\n<p>O debate seguiu as diretrizes do programa \u201cZero Lix\u00f5es: por um Piau\u00ed mais limpo\u201d, iniciativa que busca a erradica\u00e7\u00e3o dos lix\u00f5es e a implementa\u00e7\u00e3o de solu\u00e7\u00f5es adequadas para a gest\u00e3o de res\u00edduos nos munic\u00edpios. O encontro contou com a presen\u00e7a de promotores do Minist\u00e9rio P\u00fablico, vereadores, representantes dos Poderes Executivo e Legislativo de munic\u00edpios vizinhos, al\u00e9m da participa\u00e7\u00e3o da popula\u00e7\u00e3o, fortalecendo o di\u00e1logo institucional e a constru\u00e7\u00e3o coletiva de solu\u00e7\u00f5es.<\/p>\n\n\n\n<p>Durante a audi\u00eancia, a promotora \u00c1urea Madruga destacou a import\u00e2ncia do compromisso conjunto entre gestores p\u00fablicos, institui\u00e7\u00f5es e sociedade civil para o avan\u00e7o de pol\u00edticas p\u00fablicas voltadas \u00e0 sustentabilidade e \u00e0 correta destina\u00e7\u00e3o dos res\u00edduos. O presidente da C\u00e2mara, vereador Ant\u00f4nio Vivica, ressaltou a relev\u00e2ncia da iniciativa, enfatizando o papel do Legislativo na promo\u00e7\u00e3o de debates que contribuam para o desenvolvimento regional e a melhoria das condi\u00e7\u00f5es ambientais.<\/p>\n\n\n\n<p>Os vereadores presentes tamb\u00e9m destacaram a import\u00e2ncia da uni\u00e3o entre os munic\u00edpios e da constru\u00e7\u00e3o de pol\u00edticas p\u00fablicas eficazes. O vereador Paulinho do Peixe enfatizou a necessidade de garantir que medidas como a taxa de coleta de lixo n\u00e3o impactem negativamente as fam\u00edlias de baixa renda. J\u00e1 o vereador Paulo Henrique refor\u00e7ou a import\u00e2ncia da coopera\u00e7\u00e3o regional para assegurar uma gest\u00e3o ambiental respons\u00e1vel, enquanto o vereador Murillo Sotero destacou o compromisso com pol\u00edticas p\u00fablicas eficientes que promovam avan\u00e7os na gest\u00e3o dos res\u00edduos.<\/p>\n\n\n\n<p>A audi\u00eancia p\u00fablica reafirma a import\u00e2ncia do di\u00e1logo, da coopera\u00e7\u00e3o entre os entes p\u00fablicos e do envolvimento da sociedade na busca por solu\u00e7\u00f5es sustent\u00e1veis e eficazes para a destina\u00e7\u00e3o dos res\u00edduos s\u00f3lidos.<\/p>\n\n\n\n<p>A C\u00e2mara Municipal de Porto reafirma seu compromisso com a promo\u00e7\u00e3o de debates relevantes e com o fortalecimento de pol\u00edticas p\u00fablicas que garantam qualidade de vida e desenvolvimento sustent\u00e1vel para toda a popula\u00e7\u00e3o.<\/p>\n\n\n\n<figure class=\"wp-block-gallery has-nested-images columns-default is-cropped wp-block-gallery-1 is-layout-flex wp-block-gallery-is-layout-flex\">\n<figure class=\"wp-block-image size-full\"><img loading=\"lazy\" decoding=\"async\" width=\"640\" height=\"800\" data-id=\"483\" src=\"https:\/\/porto.pi.leg.br\/wp-content\/uploads\/2026\/04\/671242782_18584762125006471_3435570083812233528_n.jpg\" alt=\"\" class=\"wp-image-483\" srcset=\"https:\/\/porto.pi.leg.br\/wp-content\/uploads\/2026\/04\/671242782_18584762125006471_3435570083812233528_n.jpg 640w, https:\/\/porto.pi.leg.br\/wp-content\/uploads\/2026\/04\/671242782_18584762125006471_3435570083812233528_n-240x300.jpg 240w\" sizes=\"auto, (max-width: 640px) 100vw, 640px\" \/><\/figure>\n\n\n\n<figure class=\"wp-block-image size-large\"><img loading=\"lazy\" decoding=\"async\" width=\"640\" height=\"800\" data-id=\"479\" src=\"https:\/\/porto.pi.leg.br\/wp-content\/uploads\/2026\/04\/671228032_18584762116006471_4598298606694260137_n.jpg\" alt=\"\" class=\"wp-image-479\" srcset=\"https:\/\/porto.pi.leg.br\/wp-content\/uploads\/2026\/04\/671228032_18584762116006471_4598298606694260137_n.jpg 640w, https:\/\/porto.pi.leg.br\/wp-content\/uploads\/2026\/04\/671228032_18584762116006471_4598298606694260137_n-240x300.jpg 240w\" sizes=\"auto, (max-width: 640px) 100vw, 640px\" \/><\/figure>\n\n\n\n<figure class=\"wp-block-image size-large\"><img loading=\"lazy\" decoding=\"async\" width=\"640\" height=\"800\" data-id=\"480\" src=\"https:\/\/porto.pi.leg.br\/wp-content\/uploads\/2026\/04\/672962619_18584762098006471_4287793899777078227_n.jpg\" alt=\"\" class=\"wp-image-480\" srcset=\"https:\/\/porto.pi.leg.br\/wp-content\/uploads\/2026\/04\/672962619_18584762098006471_4287793899777078227_n.jpg 640w, https:\/\/porto.pi.leg.br\/wp-content\/uploads\/2026\/04\/672962619_18584762098006471_4287793899777078227_n-240x300.jpg 240w\" sizes=\"auto, (max-width: 640px) 100vw, 640px\" \/><\/figure>\n\n\n\n<figure class=\"wp-block-image size-large\"><img loading=\"lazy\" decoding=\"async\" width=\"640\" height=\"800\" data-id=\"481\" src=\"https:\/\/porto.pi.leg.br\/wp-content\/uploads\/2026\/04\/671876562_18584762107006471_1754748592854751145_n.jpg\" alt=\"\" class=\"wp-image-481\" srcset=\"https:\/\/porto.pi.leg.br\/wp-content\/uploads\/2026\/04\/671876562_18584762107006471_1754748592854751145_n.jpg 640w, https:\/\/porto.pi.leg.br\/wp-content\/uploads\/2026\/04\/671876562_18584762107006471_1754748592854751145_n-240x300.jpg 240w\" sizes=\"auto, (max-width: 640px) 100vw, 640px\" \/><\/figure>\n\n\n\n<figure class=\"wp-block-image size-large\"><img loading=\"lazy\" decoding=\"async\" width=\"640\" height=\"800\" data-id=\"482\" src=\"https:\/\/porto.pi.leg.br\/wp-content\/uploads\/2026\/04\/671760328_18584762134006471_3231884902541729173_n.jpg\" alt=\"\" class=\"wp-image-482\" srcset=\"https:\/\/porto.pi.leg.br\/wp-content\/uploads\/2026\/04\/671760328_18584762134006471_3231884902541729173_n.jpg 640w, https:\/\/porto.pi.leg.br\/wp-content\/uploads\/2026\/04\/671760328_18584762134006471_3231884902541729173_n-240x300.jpg 240w\" sizes=\"auto, (max-width: 640px) 100vw, 640px\" \/><\/figure>\n<\/figure>\n\n\n\n<p><\/p>\n","protected":false},"excerpt":{"rendered":"<p>A C\u00e2mara Municipal de Porto foi palco, nesta data, de uma importante audi\u00eancia p\u00fablica voltada \u00e0 discuss\u00e3o sobre a destina\u00e7\u00e3o segura e respons\u00e1vel dos res\u00edduos s\u00f3lidos, tema de grande relev\u00e2ncia&hellip; <\/p>\n","protected":false},"author":1,"featured_media":478,"comment_status":"open","ping_status":"open","sticky":false,"template":"","format":"standard","meta":{"footnotes":""},"categories":[14,7],"tags":[],"class_list":["post-477","post","type-post","status-publish","format-standard","has-post-thumbnail","hentry","category-camara-porto","category-todas"],"_links":{"self":[{"href":"https:\/\/porto.pi.leg.br\/index.php\/wp-json\/wp\/v2\/posts\/477","targetHints":{"allow":["GET"]}}],"collection":[{"href":"https:\/\/porto.pi.leg.br\/index.php\/wp-json\/wp\/v2\/posts"}],"about":[{"href":"https:\/\/porto.pi.leg.br\/index.php\/wp-json\/wp\/v2\/types\/post"}],"author":[{"embeddable":true,"href":"https:\/\/porto.pi.leg.br\/index.php\/wp-json\/wp\/v2\/users\/1"}],"replies":[{"embeddable":true,"href":"https:\/\/porto.pi.leg.br\/index.php\/wp-json\/wp\/v2\/comments?post=477"}],"version-history":[{"count":1,"href":"https:\/\/porto.pi.leg.br\/index.php\/wp-json\/wp\/v2\/posts\/477\/revisions"}],"predecessor-version":[{"id":484,"href":"https:\/\/porto.pi.leg.br\/index.php\/wp-json\/wp\/v2\/posts\/477\/revisions\/484"}],"wp:featuredmedia":[{"embeddable":true,"href":"https:\/\/porto.pi.leg.br\/index.php\/wp-json\/wp\/v2\/media\/478"}],"wp:attachment":[{"href":"https:\/\/porto.pi.leg.br\/index.php\/wp-json\/wp\/v2\/media?parent=477"}],"wp:term":[{"taxonomy":"category","embeddable":true,"href":"https:\/\/porto.pi.leg.br\/index.php\/wp-json\/wp\/v2\/categories?post=477"},{"taxonomy":"post_tag","embeddable":true,"href":"https:\/\/porto.pi.leg.br\/index.php\/wp-json\/wp\/v2\/tags?post=477"}],"curies":[{"name":"wp","href":"https:\/\/api.w.org\/{rel}","templated":true}]}}