{"id":485,"date":"2026-04-27T15:07:00","date_gmt":"2026-04-27T15:07:00","guid":{"rendered":"https:\/\/porto.pi.leg.br\/?p=485"},"modified":"2026-04-28T12:08:57","modified_gmt":"2026-04-28T12:08:57","slug":"presidente-e-vice-presidente-da-camara-municipal-de-porto-cumprem-agenda-institucional-em-teresina","status":"publish","type":"post","link":"https:\/\/porto.pi.leg.br\/index.php\/2026\/04\/27\/presidente-e-vice-presidente-da-camara-municipal-de-porto-cumprem-agenda-institucional-em-teresina\/","title":{"rendered":"Presidente e vice-presidente da C\u00e2mara Municipal de Porto cumprem agenda institucional em Teresina"},"content":{"rendered":"\n<p>A C\u00e2mara Municipal de Porto, por meio de seu presidente, vereador Ant\u00f4nio Vivica, e do vice-presidente, vereador Paulo Henrique, cumpriu, nesta segunda-feira, 27 de abril, uma agenda institucional estrat\u00e9gica na cidade de Teresina.<\/p>\n\n\n\n<p>Durante a agenda, os representantes do Poder Legislativo Municipal estiveram na Uni\u00e3o das C\u00e2maras Municipais do Estado do Piau\u00ed (AVEP-PI), onde participaram de reuni\u00f5es voltadas ao alinhamento de a\u00e7\u00f5es institucionais, com foco no fortalecimento das atividades legislativas e na qualifica\u00e7\u00e3o dos profissionais que atuam na C\u00e2mara.<\/p>\n\n\n\n<p>Na oportunidade, tamb\u00e9m realizaram visita ao Tribunal de Contas do Estado do Piau\u00ed (TCE-PI), onde trataram de iniciativas que visam promover maior efici\u00eancia na gest\u00e3o p\u00fablica, al\u00e9m de ampliar oportunidades e fortalecer a atua\u00e7\u00e3o administrativa no munic\u00edpio.<\/p>\n\n\n\n<p>A agenda refor\u00e7a o compromisso da atual gest\u00e3o da C\u00e2mara Municipal de Porto com a busca por parcerias institucionais, capacita\u00e7\u00e3o cont\u00ednua e aprimoramento dos servi\u00e7os prestados \u00e0 popula\u00e7\u00e3o.<\/p>\n\n\n\n<p>A C\u00e2mara Municipal de Porto segue atuando com responsabilidade e dedica\u00e7\u00e3o, promovendo a\u00e7\u00f5es que contribuam para o desenvolvimento do munic\u00edpio e para a melhoria da qualidade dos servi\u00e7os p\u00fablicos oferecidos \u00e0 sociedade.<\/p>\n\n\n<div class=\"wp-block-image\">\n<figure class=\"aligncenter size-full is-resized\"><img decoding=\"async\" src=\"https:\/\/porto.pi.leg.br\/wp-content\/uploads\/2026\/04\/684195715_18585838717006471_5974133682012751686_n.jpg\" alt=\"\" class=\"wp-image-486\" style=\"width:840px;height:auto\"\/><\/figure>\n<\/div>\n\n\n<p><\/p>\n","protected":false},"excerpt":{"rendered":"<p>A C\u00e2mara Municipal de Porto, por meio de seu presidente, vereador Ant\u00f4nio Vivica, e do vice-presidente, vereador Paulo Henrique, cumpriu, nesta segunda-feira, 27 de abril, uma agenda institucional estrat\u00e9gica na&hellip; <\/p>\n","protected":false},"author":1,"featured_media":486,"comment_status":"open","ping_status":"open","sticky":false,"template":"","format":"standard","meta":{"footnotes":""},"categories":[14,7],"tags":[],"class_list":["post-485","post","type-post","status-publish","format-standard","has-post-thumbnail","hentry","category-camara-porto","category-todas"],"_links":{"self":[{"href":"https:\/\/porto.pi.leg.br\/index.php\/wp-json\/wp\/v2\/posts\/485","targetHints":{"allow":["GET"]}}],"collection":[{"href":"https:\/\/porto.pi.leg.br\/index.php\/wp-json\/wp\/v2\/posts"}],"about":[{"href":"https:\/\/porto.pi.leg.br\/index.php\/wp-json\/wp\/v2\/types\/post"}],"author":[{"embeddable":true,"href":"https:\/\/porto.pi.leg.br\/index.php\/wp-json\/wp\/v2\/users\/1"}],"replies":[{"embeddable":true,"href":"https:\/\/porto.pi.leg.br\/index.php\/wp-json\/wp\/v2\/comments?post=485"}],"version-history":[{"count":1,"href":"https:\/\/porto.pi.leg.br\/index.php\/wp-json\/wp\/v2\/posts\/485\/revisions"}],"predecessor-version":[{"id":487,"href":"https:\/\/porto.pi.leg.br\/index.php\/wp-json\/wp\/v2\/posts\/485\/revisions\/487"}],"wp:featuredmedia":[{"embeddable":true,"href":"https:\/\/porto.pi.leg.br\/index.php\/wp-json\/wp\/v2\/media\/486"}],"wp:attachment":[{"href":"https:\/\/porto.pi.leg.br\/index.php\/wp-json\/wp\/v2\/media?parent=485"}],"wp:term":[{"taxonomy":"category","embeddable":true,"href":"https:\/\/porto.pi.leg.br\/index.php\/wp-json\/wp\/v2\/categories?post=485"},{"taxonomy":"post_tag","embeddable":true,"href":"https:\/\/porto.pi.leg.br\/index.php\/wp-json\/wp\/v2\/tags?post=485"}],"curies":[{"name":"wp","href":"https:\/\/api.w.org\/{rel}","templated":true}]}}