{"id":488,"date":"2026-04-29T15:39:45","date_gmt":"2026-04-29T15:39:45","guid":{"rendered":"https:\/\/porto.pi.leg.br\/?p=488"},"modified":"2026-04-29T15:39:46","modified_gmt":"2026-04-29T15:39:46","slug":"camara-municipal-de-porto-pi-lidera-debate-sobre-destinacao-de-residuos-e-reforca-compromisso-com-um-futuro-sustentavel","status":"publish","type":"post","link":"https:\/\/porto.pi.leg.br\/index.php\/2026\/04\/29\/camara-municipal-de-porto-pi-lidera-debate-sobre-destinacao-de-residuos-e-reforca-compromisso-com-um-futuro-sustentavel\/","title":{"rendered":"C\u00e2mara Municipal de Porto \u2013 PI lidera debate sobre destina\u00e7\u00e3o de res\u00edduos e refor\u00e7a compromisso com um futuro sustent\u00e1vel"},"content":{"rendered":"\n<p>No dia 23 de abril, a C\u00e2mara Municipal de Porto \u2013 PI reafirmou seu protagonismo institucional ao sediar uma importante audi\u00eancia p\u00fablica voltada \u00e0 discuss\u00e3o de um dos temas mais urgentes da atualidade: a destina\u00e7\u00e3o correta dos res\u00edduos s\u00f3lidos. O encontro consolidou o papel do Legislativo como espa\u00e7o de di\u00e1logo, escuta ativa e constru\u00e7\u00e3o de solu\u00e7\u00f5es que impactam diretamente a sa\u00fade p\u00fablica, o meio ambiente e a qualidade de vida da popula\u00e7\u00e3o.<\/p>\n\n\n\n<p>A audi\u00eancia seguiu as diretrizes do programa \u201cZero Lix\u00f5es: por um Piau\u00ed mais limpo\u201d, iniciativa que busca erradicar os lix\u00f5es a c\u00e9u aberto e promover pr\u00e1ticas sustent\u00e1veis de gest\u00e3o de res\u00edduos em todo o estado. Durante o debate, foram apresentadas propostas, desafios e caminhos para que o munic\u00edpio de Porto avance na implementa\u00e7\u00e3o de pol\u00edticas p\u00fablicas eficientes, alinhadas \u00e0 legisla\u00e7\u00e3o ambiental e aos princ\u00edpios da sustentabilidade.<\/p>\n\n\n<div class=\"wp-block-image\">\n<figure class=\"aligncenter size-full\"><img loading=\"lazy\" decoding=\"async\" width=\"640\" height=\"800\" src=\"https:\/\/porto.pi.leg.br\/wp-content\/uploads\/2026\/04\/WhatsApp-Image-2026-04-29-at-12.33.58-1-1.jpeg\" alt=\"\" class=\"wp-image-496\" srcset=\"https:\/\/porto.pi.leg.br\/wp-content\/uploads\/2026\/04\/WhatsApp-Image-2026-04-29-at-12.33.58-1-1.jpeg 640w, https:\/\/porto.pi.leg.br\/wp-content\/uploads\/2026\/04\/WhatsApp-Image-2026-04-29-at-12.33.58-1-1-240x300.jpeg 240w\" sizes=\"auto, (max-width: 640px) 100vw, 640px\" \/><\/figure>\n<\/div>\n\n\n<p>O evento contou com a presen\u00e7a de promotores do Minist\u00e9rio P\u00fablico, vereadores, representantes dos poderes Executivo e Legislativo de munic\u00edpios vizinhos, al\u00e9m de membros da sociedade civil, evidenciando a for\u00e7a do di\u00e1logo interinstitucional e o compromisso coletivo com a causa ambiental. A participa\u00e7\u00e3o popular tamb\u00e9m foi destaque, refor\u00e7ando a import\u00e2ncia da conscientiza\u00e7\u00e3o e do engajamento da comunidade na constru\u00e7\u00e3o de um futuro mais limpo e saud\u00e1vel.<\/p>\n\n\n\n<p>Ao promover essa iniciativa, a C\u00e2mara Municipal de Porto demonstra seu compromisso com a responsabilidade social e ambiental, posicionando-se como agente ativo na busca por solu\u00e7\u00f5es concretas e duradouras. A uni\u00e3o entre os poderes e a sociedade \u00e9 essencial para transformar desafios em avan\u00e7os e garantir um munic\u00edpio mais sustent\u00e1vel para as presentes e futuras gera\u00e7\u00f5es.<\/p>\n\n\n\n<figure class=\"wp-block-gallery has-nested-images columns-default is-cropped wp-block-gallery-1 is-layout-flex wp-block-gallery-is-layout-flex\">\n<figure class=\"wp-block-image size-large\"><img loading=\"lazy\" decoding=\"async\" width=\"819\" height=\"1024\" data-id=\"490\" src=\"https:\/\/porto.pi.leg.br\/wp-content\/uploads\/2026\/04\/WhatsApp-Image-2026-04-29-at-12.33.57-1-819x1024.jpeg\" alt=\"\" class=\"wp-image-490\" srcset=\"https:\/\/porto.pi.leg.br\/wp-content\/uploads\/2026\/04\/WhatsApp-Image-2026-04-29-at-12.33.57-1-819x1024.jpeg 819w, https:\/\/porto.pi.leg.br\/wp-content\/uploads\/2026\/04\/WhatsApp-Image-2026-04-29-at-12.33.57-1-240x300.jpeg 240w, https:\/\/porto.pi.leg.br\/wp-content\/uploads\/2026\/04\/WhatsApp-Image-2026-04-29-at-12.33.57-1-768x960.jpeg 768w, https:\/\/porto.pi.leg.br\/wp-content\/uploads\/2026\/04\/WhatsApp-Image-2026-04-29-at-12.33.57-1-1229x1536.jpeg 1229w, https:\/\/porto.pi.leg.br\/wp-content\/uploads\/2026\/04\/WhatsApp-Image-2026-04-29-at-12.33.57-1.jpeg 1280w\" sizes=\"auto, (max-width: 819px) 100vw, 819px\" \/><\/figure>\n\n\n\n<figure class=\"wp-block-image size-large\"><img loading=\"lazy\" decoding=\"async\" width=\"819\" height=\"1024\" data-id=\"491\" src=\"https:\/\/porto.pi.leg.br\/wp-content\/uploads\/2026\/04\/WhatsApp-Image-2026-04-29-at-12.33.57-1-1-819x1024.jpeg\" alt=\"\" class=\"wp-image-491\" srcset=\"https:\/\/porto.pi.leg.br\/wp-content\/uploads\/2026\/04\/WhatsApp-Image-2026-04-29-at-12.33.57-1-1-819x1024.jpeg 819w, https:\/\/porto.pi.leg.br\/wp-content\/uploads\/2026\/04\/WhatsApp-Image-2026-04-29-at-12.33.57-1-1-240x300.jpeg 240w, https:\/\/porto.pi.leg.br\/wp-content\/uploads\/2026\/04\/WhatsApp-Image-2026-04-29-at-12.33.57-1-1-768x960.jpeg 768w, https:\/\/porto.pi.leg.br\/wp-content\/uploads\/2026\/04\/WhatsApp-Image-2026-04-29-at-12.33.57-1-1-1229x1536.jpeg 1229w, https:\/\/porto.pi.leg.br\/wp-content\/uploads\/2026\/04\/WhatsApp-Image-2026-04-29-at-12.33.57-1-1.jpeg 1280w\" sizes=\"auto, (max-width: 819px) 100vw, 819px\" \/><\/figure>\n<\/figure>\n\n\n\n<figure class=\"wp-block-gallery has-nested-images columns-default is-cropped wp-block-gallery-2 is-layout-flex wp-block-gallery-is-layout-flex\">\n<figure class=\"wp-block-image size-large\"><img loading=\"lazy\" decoding=\"async\" width=\"819\" height=\"1024\" data-id=\"493\" src=\"https:\/\/porto.pi.leg.br\/wp-content\/uploads\/2026\/04\/WhatsApp-Image-2026-04-29-at-12.33.57-2-1-819x1024.jpeg\" alt=\"\" class=\"wp-image-493\" srcset=\"https:\/\/porto.pi.leg.br\/wp-content\/uploads\/2026\/04\/WhatsApp-Image-2026-04-29-at-12.33.57-2-1-819x1024.jpeg 819w, https:\/\/porto.pi.leg.br\/wp-content\/uploads\/2026\/04\/WhatsApp-Image-2026-04-29-at-12.33.57-2-1-240x300.jpeg 240w, https:\/\/porto.pi.leg.br\/wp-content\/uploads\/2026\/04\/WhatsApp-Image-2026-04-29-at-12.33.57-2-1-768x960.jpeg 768w, https:\/\/porto.pi.leg.br\/wp-content\/uploads\/2026\/04\/WhatsApp-Image-2026-04-29-at-12.33.57-2-1-1229x1536.jpeg 1229w, https:\/\/porto.pi.leg.br\/wp-content\/uploads\/2026\/04\/WhatsApp-Image-2026-04-29-at-12.33.57-2-1.jpeg 1280w\" sizes=\"auto, (max-width: 819px) 100vw, 819px\" \/><\/figure>\n\n\n\n<figure class=\"wp-block-image size-large\"><img loading=\"lazy\" decoding=\"async\" width=\"819\" height=\"1024\" data-id=\"494\" src=\"https:\/\/porto.pi.leg.br\/wp-content\/uploads\/2026\/04\/WhatsApp-Image-2026-04-29-at-12.33.58-819x1024.jpeg\" alt=\"\" class=\"wp-image-494\" srcset=\"https:\/\/porto.pi.leg.br\/wp-content\/uploads\/2026\/04\/WhatsApp-Image-2026-04-29-at-12.33.58-819x1024.jpeg 819w, https:\/\/porto.pi.leg.br\/wp-content\/uploads\/2026\/04\/WhatsApp-Image-2026-04-29-at-12.33.58-240x300.jpeg 240w, https:\/\/porto.pi.leg.br\/wp-content\/uploads\/2026\/04\/WhatsApp-Image-2026-04-29-at-12.33.58-768x960.jpeg 768w, https:\/\/porto.pi.leg.br\/wp-content\/uploads\/2026\/04\/WhatsApp-Image-2026-04-29-at-12.33.58-1229x1536.jpeg 1229w, https:\/\/porto.pi.leg.br\/wp-content\/uploads\/2026\/04\/WhatsApp-Image-2026-04-29-at-12.33.58.jpeg 1280w\" sizes=\"auto, (max-width: 819px) 100vw, 819px\" \/><\/figure>\n<\/figure>\n","protected":false},"excerpt":{"rendered":"<p>No dia 23 de abril, a C\u00e2mara Municipal de Porto \u2013 PI reafirmou seu protagonismo institucional ao sediar uma importante audi\u00eancia p\u00fablica voltada \u00e0 discuss\u00e3o de um dos temas mais&hellip; <\/p>\n","protected":false},"author":1,"featured_media":497,"comment_status":"open","ping_status":"open","sticky":false,"template":"","format":"standard","meta":{"footnotes":""},"categories":[14,7],"tags":[],"class_list":["post-488","post","type-post","status-publish","format-standard","has-post-thumbnail","hentry","category-camara-porto","category-todas"],"_links":{"self":[{"href":"https:\/\/porto.pi.leg.br\/index.php\/wp-json\/wp\/v2\/posts\/488","targetHints":{"allow":["GET"]}}],"collection":[{"href":"https:\/\/porto.pi.leg.br\/index.php\/wp-json\/wp\/v2\/posts"}],"about":[{"href":"https:\/\/porto.pi.leg.br\/index.php\/wp-json\/wp\/v2\/types\/post"}],"author":[{"embeddable":true,"href":"https:\/\/porto.pi.leg.br\/index.php\/wp-json\/wp\/v2\/users\/1"}],"replies":[{"embeddable":true,"href":"https:\/\/porto.pi.leg.br\/index.php\/wp-json\/wp\/v2\/comments?post=488"}],"version-history":[{"count":1,"href":"https:\/\/porto.pi.leg.br\/index.php\/wp-json\/wp\/v2\/posts\/488\/revisions"}],"predecessor-version":[{"id":498,"href":"https:\/\/porto.pi.leg.br\/index.php\/wp-json\/wp\/v2\/posts\/488\/revisions\/498"}],"wp:featuredmedia":[{"embeddable":true,"href":"https:\/\/porto.pi.leg.br\/index.php\/wp-json\/wp\/v2\/media\/497"}],"wp:attachment":[{"href":"https:\/\/porto.pi.leg.br\/index.php\/wp-json\/wp\/v2\/media?parent=488"}],"wp:term":[{"taxonomy":"category","embeddable":true,"href":"https:\/\/porto.pi.leg.br\/index.php\/wp-json\/wp\/v2\/categories?post=488"},{"taxonomy":"post_tag","embeddable":true,"href":"https:\/\/porto.pi.leg.br\/index.php\/wp-json\/wp\/v2\/tags?post=488"}],"curies":[{"name":"wp","href":"https:\/\/api.w.org\/{rel}","templated":true}]}}