{"id":500,"date":"2026-04-28T14:51:00","date_gmt":"2026-04-28T14:51:00","guid":{"rendered":"https:\/\/porto.pi.leg.br\/?p=500"},"modified":"2026-04-29T16:53:03","modified_gmt":"2026-04-29T16:53:03","slug":"camara-municipal-de-porto-altera-data-de-sessao-ordinaria-em-razao-do-feriado-do-dia-do-trabalhador","status":"publish","type":"post","link":"https:\/\/porto.pi.leg.br\/index.php\/2026\/04\/28\/camara-municipal-de-porto-altera-data-de-sessao-ordinaria-em-razao-do-feriado-do-dia-do-trabalhador\/","title":{"rendered":"C\u00e2mara Municipal de Porto altera data de Sess\u00e3o Ordin\u00e1ria em raz\u00e3o do feriado do Dia do Trabalhador"},"content":{"rendered":"\n<p>A C\u00e2mara Municipal de Porto informa \u00e0 popula\u00e7\u00e3o que a Sess\u00e3o Ordin\u00e1ria desta semana ser\u00e1 realizada excepcionalmente na quinta-feira, dia 30 de abril, \u00e0s 19h, em raz\u00e3o do feriado do Dia do Trabalhador.<\/p>\n\n\n\n<p>A sess\u00e3o acontecer\u00e1 na sede do Poder Legislativo Municipal, reunindo os vereadores para discuss\u00e3o, an\u00e1lise e delibera\u00e7\u00e3o de mat\u00e9rias de interesse p\u00fablico, com foco em a\u00e7\u00f5es e debates voltados ao desenvolvimento do munic\u00edpio e ao bem-estar da popula\u00e7\u00e3o.<\/p>\n\n\n\n<p>As sess\u00f5es ordin\u00e1rias representam um espa\u00e7o fundamental para o exerc\u00edcio da democracia, permitindo a apresenta\u00e7\u00e3o de propostas, aprecia\u00e7\u00e3o de projetos e o di\u00e1logo entre os parlamentares sobre temas relevantes para a comunidade.<\/p>\n\n\n\n<p>A popula\u00e7\u00e3o est\u00e1 convidada a acompanhar os trabalhos legislativos por meio da transmiss\u00e3o ao vivo, que ser\u00e1 realizada pelo Facebook e Instagram oficiais da C\u00e2mara Municipal, garantindo maior transpar\u00eancia e acesso \u00e0s atividades da Casa.<\/p>\n\n\n\n<p>A C\u00e2mara Municipal de Porto reafirma seu compromisso com a responsabilidade, a transpar\u00eancia e o trabalho cont\u00ednuo em favor do desenvolvimento do munic\u00edpio e do bem-estar da popula\u00e7\u00e3o.<\/p>\n\n\n<div class=\"wp-block-image\">\n<figure class=\"aligncenter size-large is-resized\"><img loading=\"lazy\" decoding=\"async\" width=\"768\" height=\"1024\" src=\"https:\/\/porto.pi.leg.br\/wp-content\/uploads\/2026\/04\/A-nossa-Sessao-Ordinaria-acontecera-excepcionalmente-nesta-quinta-feira-em-razao-do-feriado-do--768x1024.jpg\" alt=\"\" class=\"wp-image-501\" style=\"width:840px;height:auto\"\/><\/figure>\n<\/div>","protected":false},"excerpt":{"rendered":"<p>A C\u00e2mara Municipal de Porto informa \u00e0 popula\u00e7\u00e3o que a Sess\u00e3o Ordin\u00e1ria desta semana ser\u00e1 realizada excepcionalmente na quinta-feira, dia 30 de abril, \u00e0s 19h, em raz\u00e3o do feriado do&hellip; <\/p>\n","protected":false},"author":1,"featured_media":501,"comment_status":"open","ping_status":"open","sticky":false,"template":"","format":"standard","meta":{"footnotes":""},"categories":[14,7],"tags":[],"class_list":["post-500","post","type-post","status-publish","format-standard","has-post-thumbnail","hentry","category-camara-porto","category-todas"],"_links":{"self":[{"href":"https:\/\/porto.pi.leg.br\/index.php\/wp-json\/wp\/v2\/posts\/500","targetHints":{"allow":["GET"]}}],"collection":[{"href":"https:\/\/porto.pi.leg.br\/index.php\/wp-json\/wp\/v2\/posts"}],"about":[{"href":"https:\/\/porto.pi.leg.br\/index.php\/wp-json\/wp\/v2\/types\/post"}],"author":[{"embeddable":true,"href":"https:\/\/porto.pi.leg.br\/index.php\/wp-json\/wp\/v2\/users\/1"}],"replies":[{"embeddable":true,"href":"https:\/\/porto.pi.leg.br\/index.php\/wp-json\/wp\/v2\/comments?post=500"}],"version-history":[{"count":1,"href":"https:\/\/porto.pi.leg.br\/index.php\/wp-json\/wp\/v2\/posts\/500\/revisions"}],"predecessor-version":[{"id":502,"href":"https:\/\/porto.pi.leg.br\/index.php\/wp-json\/wp\/v2\/posts\/500\/revisions\/502"}],"wp:featuredmedia":[{"embeddable":true,"href":"https:\/\/porto.pi.leg.br\/index.php\/wp-json\/wp\/v2\/media\/501"}],"wp:attachment":[{"href":"https:\/\/porto.pi.leg.br\/index.php\/wp-json\/wp\/v2\/media?parent=500"}],"wp:term":[{"taxonomy":"category","embeddable":true,"href":"https:\/\/porto.pi.leg.br\/index.php\/wp-json\/wp\/v2\/categories?post=500"},{"taxonomy":"post_tag","embeddable":true,"href":"https:\/\/porto.pi.leg.br\/index.php\/wp-json\/wp\/v2\/tags?post=500"}],"curies":[{"name":"wp","href":"https:\/\/api.w.org\/{rel}","templated":true}]}}